{"id":49,"date":"2026-04-27T16:44:19","date_gmt":"2026-04-27T16:44:19","guid":{"rendered":"http:\/\/h4911205.hostingrd.pl\/biot25\/2024\/12\/30\/how-to-build-strength-with-your-yoga-practice\/"},"modified":"2026-04-27T16:58:41","modified_gmt":"2026-04-27T16:58:41","slug":"czlowiek-jako-istota-swietlista","status":"publish","type":"post","link":"https:\/\/h4911205.hostingrd.pl\/biot25\/2026\/04\/27\/czlowiek-jako-istota-swietlista\/","title":{"rendered":"Cz\u0142owiek jako istota \u015bwietlista"},"content":{"rendered":"\n\n\n\n\n<h2>Cz\u0142owiek jako istota \u015bwietlista: mi\u0119dzy nauk\u0105 a duchowo\u015bci\u0105<\/h2>\n\n\n\n<p>Koncepcja cz\u0142owieka jako istoty \u015bwietlistej od wiek\u00f3w fascynuje my\u015blicieli, artyst\u00f3w i duchowych poszukiwaczy. Cho\u0107 nauka i duchowo\u015b\u0107 podchodz\u0105 do tego zagadnienia z r\u00f3\u017cnych perspektyw, obie dostarczaj\u0105 intryguj\u0105cych argument\u00f3w na rzecz naszej wewn\u0119trznej jasno\u015bci.<\/p>\n\n\n\n\n\n\n\n<p>Lorem Ipsum has been the industry&#8217;s standard dummy text ever since the 1500s.<\/p>\n\n\n\n\n\n<h3><strong>\u015awiat\u0142o w naukowym uj\u0119ciu<\/strong><\/h3><br>\n\n\n\n<p style=\"text-align: justify;\"><strong>Z naukowego punktu widzenia<\/strong>, cz\u0142owiek emituje \u015bwiat\u0142o w postaci promieniowania podczerwonego, b\u0119d\u0105cego efektem proces\u00f3w metabolicznych. Ka\u017cda \u017cywa istota, w tym cz\u0142owiek, generuje ciep\u0142o, kt\u00f3re jest emitowane w postaci fal elektromagnetycznych. Dzi\u0119ki zaawansowanym technologiom, takim jak kamery termowizyjne, mo\u017cemy zobaczy\u0107 to niewidzialne dla ludzkiego oka promieniowanie.<\/p><p style=\"text-align: justify;\">Ponadto, w ciele cz\u0142owieka zachodz\u0105 liczne reakcje bioluminescencyjne. Potwierdza si\u0119 , \u017ce cz\u0142owiek jest \u017ar\u00f3d\u0142em wewn\u0119trznego \u015bwiat\u0142a-blasku. Emituje on ultra-s\u0142abe fotony w zakresie widzialnym i UV, zwane biophotonami lub UPE (ultraweak photon emission). Te emisje pochodz\u0105 z reakcji oksydacyjnych rodnik\u00f3w reaktywnych (ROS) z lipidami, bia\u0142kami i DNA, bez udzia\u0142u specyficznych enzym\u00f3w jak lucyferaza. Intensywno\u015b\u0107 jest tysi\u0105ce razy s\u0142absza ni\u017c bioluminescencja (np. u \u015bwietlik\u00f3w) i niewidoczna go\u0142ym okiem, ale mierzalna, np. 170-600 foton\u00f3w\/s\/cm\u00b2 na sk\u00f3rze.<\/p>\n\n\n\n\n\n\n\n<h3><strong>\u015awiat\u0142o w duchowym uj\u0119ciu<\/strong><\/h3>\n\n\n\n<h3><strong><\/strong><\/h3><p data-sourcepos=\"13:1-13:263\">W tradycjach duchowych i ezoterycznych, cz\u0142owiek postrzegany jest jako istota \u015bwietlista w znacznie szerszym kontek\u015bcie. \u015awiat\u0142o symbolizuje tu nie tylko fizyczne promieniowanie, ale przede wszystkim duchow\u0105 esencj\u0119, \u015bwiadomo\u015b\u0107 i po\u0142\u0105czenie z uniwersaln\u0105 energi\u0105.<\/p>\n\n\n\n<p><strong>Cz\u0142owiek otoczony jest aur\u0105<\/strong>, czyli polem energetycznym, kt\u00f3re emanuje r\u00f3\u017cnymi kolorami w zale\u017cno\u015bci od stanu emocjonalnego, duchowego i fizycznego. Aura jest postrzegana jako wizualny wyraz naszej wewn\u0119trznej energii i \u015bwietlisto\u015bci.<\/p>\n\n\n\n<p><strong>Czakry<\/strong>: W tradycji jogi, czakry s\u0105 postrzegane jako centra energetyczne w ciele, kt\u00f3re absorbuj\u0105, przetwarzaj\u0105 i emituj\u0105 energi\u0119 \u017cyciow\u0105. Ka\u017cda czakra jest zwi\u0105zana z okre\u015blonym kolorem i aspektem naszej istoty, a ich harmonijne funkcjonowanie jest kluczem do zdrowia i ducho<strong>w<\/strong>ego rozwoju.<strong><br>\u015awietliste cia\u0142o<\/strong>: W niekt\u00f3rych naukach duchowych, cz\u0142owiek posiada \u015bwietliste cia\u0142o, kt\u00f3re jest subteln\u0105 form\u0105 naszej istoty, zdoln\u0105 do podr\u00f3\u017cy poza cia\u0142em fizycznym. Rozw\u00f3j \u015bwietlistego cia\u0142a jest celem wielu praktyk medytacyjnych i duchowych, prowadz\u0105cych do osi\u0105gni\u0119cia wy\u017cszych stan\u00f3w \u015bwiadomo\u015bci<br><strong>O\u015bwiecenie<\/strong>: W tradycjach buddyjskich i hinduistycznych, o\u015bwiecenie jest stanem, w kt\u00f3rym cz\u0142owiek osi\u0105ga pe\u0142ni\u0119 swojej \u015bwietlistej natury, uwalniaj\u0105c si\u0119 od iluzji ego i \u0142\u0105cz\u0105c si\u0119 z uniwersaln\u0105 \u015bwiadomo\u015bci\u0105.<\/p>\n\n\n\n<h3><strong>Po\u0142\u0105czenie nauki i duchowo\u015bci<\/strong><\/h3>\n\n\n\n<p [object NamedNodeMap]>Cho\u0107 nauka i duchowo\u015b\u0107 cz\u0119sto wydaj\u0105 si\u0119 sprzeczne, coraz wi\u0119cej badaczy i my\u015blicieli dostrzega ich wzajemne uzupe\u0142nianie si\u0119. Fizyka kwantowa, z jej koncepcj\u0105 pola kwantowego i nie lokalno\u015bci, dostarcza naukowych argument\u00f3w na rzecz istnienia subtelnych energii i po\u0142\u0105cze\u0144 mi\u0119dzy wszystkimi istotami.Wielu naukowc\u00f3w i duchowych nauczycieli podkre\u015bla, \u017ce cz\u0142owiek jest istot\u0105 wielowymiarow\u0105, kt\u00f3rej nie da si\u0119 w pe\u0142ni zrozumie\u0107, ograniczaj\u0105c si\u0119 jedynie do materialnego aspektu. Nasza \u015bwietlista natura jest zar\u00f3wno fizyczna, jak i duchowa, a jej pe\u0142ne odkrycie wymaga integracji naukowego i duchowego podej\u015bcia.<\/p>\n\n\n\n<p><\/p>\n\n\n\n<p><strong><h3>Jak odkry\u0107 swoj\u0105 \u015bwietlist\u0105 natur\u0119<\/h3><\/strong><\/p>\n\n\n\n<p><strong>Medytacja<\/strong>: Regularna medytacja pomaga wyciszy\u0107 umys\u0142 i otworzy\u0107 si\u0119 na subtelne energie, co umo\u017cliwia do\u015bwiadczenie wewn\u0119trznego \u015bwiat\u0142a.<br><strong>Uwa\u017cno\u015b\u0107<\/strong>: Praktykowanie uwa\u017cno\u015bci w codziennym \u017cyciu pozwala dostrzec pi\u0119kno i \u015bwiat\u0142o w otaczaj\u0105cym nas \u015bwiecie, a tak\u017ce w nas samych.<br><strong>Kontakt z natur\u0105<\/strong>: Przebywanie na \u0142onie natury, w otoczeniu drzew, wody i s\u0142o\u0144ca, pomaga na\u0142adowa\u0107 si\u0119 pozytywn\u0105 energi\u0105 i po\u0142\u0105czy\u0107 z naturalnym \u015bwiat\u0142em.<br><strong>Kreatywno\u015b\u0107<\/strong> .Wyra\u017canie siebie poprzez sztuk\u0119, muzyk\u0119, taniec czy pisanie pozwala uwolni\u0107 wewn\u0119trzne \u015bwiat\u0142o i dzieli\u0107 si\u0119 nim z innymi.<br><strong>Mi\u0142o\u015b\u0107 i wsp\u00f3\u0142czucie<\/strong>. Rozwijanie w sobie mi\u0142o\u015bci i wsp\u00f3\u0142czucia do innych istot jest najja\u015bniejszym wyrazem naszej \u015bwietlistej natury.Odkrycie swojej \u015bwietlistej natury to podr\u00f3\u017c, kt\u00f3ra trwa ca\u0142e \u017cycie. To proces otwierania si\u0119 na wewn\u0119trzne \u015bwiat\u0142o, kt\u00f3re jest zawsze obecne, ale cz\u0119sto zas\u0142oni\u0119te przez codzienne troski i iluzje.<\/p>\n\n\n\n\n\n\n","protected":false},"excerpt":{"rendered":"","protected":false},"author":1,"featured_media":489,"comment_status":"open","ping_status":"open","sticky":false,"template":"","format":"standard","meta":{"pagelayer_contact_templates":[],"_pagelayer_content":"","footnotes":""},"categories":[45],"tags":[],"class_list":["post-49","post","type-post","status-publish","format-standard","has-post-thumbnail","hentry","category-duchowosc"],"_links":{"self":[{"href":"https:\/\/h4911205.hostingrd.pl\/biot25\/wp-json\/wp\/v2\/posts\/49","targetHints":{"allow":["GET"]}}],"collection":[{"href":"https:\/\/h4911205.hostingrd.pl\/biot25\/wp-json\/wp\/v2\/posts"}],"about":[{"href":"https:\/\/h4911205.hostingrd.pl\/biot25\/wp-json\/wp\/v2\/types\/post"}],"author":[{"embeddable":true,"href":"https:\/\/h4911205.hostingrd.pl\/biot25\/wp-json\/wp\/v2\/users\/1"}],"replies":[{"embeddable":true,"href":"https:\/\/h4911205.hostingrd.pl\/biot25\/wp-json\/wp\/v2\/comments?post=49"}],"version-history":[{"count":14,"href":"https:\/\/h4911205.hostingrd.pl\/biot25\/wp-json\/wp\/v2\/posts\/49\/revisions"}],"predecessor-version":[{"id":498,"href":"https:\/\/h4911205.hostingrd.pl\/biot25\/wp-json\/wp\/v2\/posts\/49\/revisions\/498"}],"wp:featuredmedia":[{"embeddable":true,"href":"https:\/\/h4911205.hostingrd.pl\/biot25\/wp-json\/wp\/v2\/media\/489"}],"wp:attachment":[{"href":"https:\/\/h4911205.hostingrd.pl\/biot25\/wp-json\/wp\/v2\/media?parent=49"}],"wp:term":[{"taxonomy":"category","embeddable":true,"href":"https:\/\/h4911205.hostingrd.pl\/biot25\/wp-json\/wp\/v2\/categories?post=49"},{"taxonomy":"post_tag","embeddable":true,"href":"https:\/\/h4911205.hostingrd.pl\/biot25\/wp-json\/wp\/v2\/tags?post=49"}],"curies":[{"name":"wp","href":"https:\/\/api.w.org\/{rel}","templated":true}]}}